{"id":16818,"date":"2023-11-26T23:35:11","date_gmt":"2023-11-26T22:35:11","guid":{"rendered":"https:\/\/www.autresens.org\/?p=16818"},"modified":"2024-02-23T23:47:35","modified_gmt":"2024-02-23T22:47:35","slug":"3eme-rencontre-du-reseau-mint-suisse","status":"publish","type":"post","link":"https:\/\/www.autresens.org\/de\/3eme-rencontre-du-reseau-mint-suisse\/","title":{"rendered":"3. Treffen des MINT-Netzwerks Schweiz"},"content":{"rendered":"<p><div class=\"fusion-fullwidth fullwidth-box fusion-builder-row-1 nonhundred-percent-fullwidth non-hundred-percent-height-scrolling\" style=\"--awb-border-radius-top-left:0px;--awb-border-radius-top-right:0px;--awb-border-radius-bottom-right:0px;--awb-border-radius-bottom-left:0px;--awb-padding-top:30px;--awb-flex-wrap:wrap;\" ><div class=\"fusion-builder-row fusion-row\"><div class=\"fusion-layout-column fusion_builder_column fusion-builder-column-0 fusion_builder_column_1_1 1_1 fusion-one-full fusion-column-first fusion-column-last\" style=\"--awb-bg-blend:overlay;--awb-bg-size:cover;\"><div class=\"fusion-column-wrapper fusion-flex-column-wrapper-legacy\"><div class=\"fusion-title title fusion-title-1 fusion-sep-none fusion-title-text fusion-title-size-two\" style=\"--awb-margin-top-small:0px;--awb-margin-right-small:0px;--awb-margin-bottom-small:20px;--awb-margin-left-small:0px;\"><h2 class=\"fusion-title-heading title-heading-left\" style=\"margin:0;\">AutreSens \u00e9tait \u00e0 la 3\u00e8me rencontre du r\u00e9seau MINT Suisse<\/h2><\/div><div class=\"fusion-sep-clear\"><\/div><div class=\"fusion-separator fusion-clearfix\" style=\"float:left;margin-bottom:30px;width:100%;max-width:200px;\"><div class=\"fusion-separator-border sep-single\" style=\"--awb-height:20px;--awb-amount:20px;--awb-sep-color:var(--awb-color6);border-color:var(--awb-color6);border-top-width:3px;\"><\/div><\/div><div class=\"fusion-sep-clear\"><\/div>\n<div class=\"fusion-clearfix\"><\/div><\/div><\/div><div class=\"fusion-layout-column fusion_builder_column fusion-builder-column-1 fusion_builder_column_1_1 1_1 fusion-one-full fusion-column-first fusion-column-last\" style=\"--awb-bg-blend:overlay;--awb-bg-size:cover;\"><div class=\"fusion-column-wrapper fusion-flex-column-wrapper-legacy\"><div class=\"fusion-text fusion-text-1\"><p>Le 24 novembre 2023, \u00ab\u00a0la Rencontre du r\u00e9seau MINT Suisse a rassembl\u00e9 une septantaine de participant\u00b7e\u00b7s \u00e0 la PH Schwyz. La majorit\u00e9 des personnes pr\u00e9sentes \u00e9taient les responsables et collaborateur\u00b7ice\u00b7s de projets financ\u00e9s par le programme MINT durant la p\u00e9riode 2021-2024. La matin\u00e9e a \u00e9t\u00e9 ouverte par le bienvenu conjoint de la part de la Pr\u00e9sidente de la Commission sp\u00e9cialis\u00e9e MINT, Susanne Metzger, suivie par Marianne Bonvin, Directrice ex\u00e9cutive des Acad\u00e9mies suisses des sciences et par la Rectrice de la PH Schwyz Kathrin Futter en tant qu&rsquo;h\u00f4te de l&rsquo;\u00e9v\u00e9nement. Johannes Mure du SEFRI a pr\u00e9sent\u00e9 une panoramique de la promotion MINT jusqu\u2019\u00e0 ce jour et a annonc\u00e9 que le futur programme de la p\u00e9riode 2025-2028 se place en continuit\u00e9 de ce qui a \u00e9t\u00e9 fait durant la derni\u00e8re p\u00e9riode. C&rsquo;\u00e9tait une nouvelle r\u00e9jouissante pour toutes les parties int\u00e9ress\u00e9es. [&#8230;]\u00a0\u00bb (<i>3. Netzwerkanlass des F\u00f6rderprogramms MINT Schweiz, 2023 | Swiss Academies Of Arts And Sciences<\/i>, s. d).<\/p>\n<div>\n<p>&nbsp;<\/p>\n<p><strong>Source<\/strong><\/p>\n<p><i>3. Netzwerkanlass des F\u00f6rderprogramms MINT Schweiz, 2023 | Swiss Academies of Arts and Sciences<\/i>. (s.\u00a0d.). <a href=\"https:\/\/akademien-schweiz.ch\/fr\/themen\/mint-forderung\/mint-2021-2024\/3netzwerkanlass\/\"><span class=\"url\">https:\/\/akademien-schweiz.ch\/fr\/themen\/mint-forderung\/mint-2021-2024\/3netzwerkanlass\/<\/span><\/a><\/p>\n<\/div>\n<\/div><div class=\"fusion-clearfix\"><\/div><\/div><\/div><\/div><\/div><div class=\"fusion-fullwidth fullwidth-box fusion-builder-row-2 nonhundred-percent-fullwidth non-hundred-percent-height-scrolling\" style=\"--awb-border-radius-top-left:0px;--awb-border-radius-top-right:0px;--awb-border-radius-bottom-right:0px;--awb-border-radius-bottom-left:0px;--awb-flex-wrap:wrap;\" ><div class=\"fusion-builder-row fusion-row\"><div class=\"fusion-layout-column fusion_builder_column fusion-builder-column-2 fusion_builder_column_1_1 1_1 fusion-one-full fusion-column-first fusion-column-last\" style=\"--awb-bg-blend:overlay;--awb-bg-size:cover;\"><div class=\"fusion-column-wrapper fusion-column-has-shadow fusion-flex-column-wrapper-legacy\"><div class=\"fusion-align-block\"><a class=\"fusion-button button-flat button-small button-default fusion-button-default button-1 fusion-button-default-span fusion-button-default-type\" style=\"width:calc(100%);\" target=\"_blank\" rel=\"noopener noreferrer\" href=\"https:\/\/akademien-schweiz.ch\/fr\/themen\/mint-forderung\/mint-2021-2024\/3netzwerkanlass\/\"><span class=\"fusion-button-text awb-button__text awb-button__text--default\">Lire l&rsquo;article complet<\/span><\/a><\/div><div class=\"fusion-clearfix\"><\/div><\/div><\/div><\/div><\/div><\/p>\n","protected":false},"excerpt":{"rendered":"","protected":false},"author":1,"featured_media":0,"comment_status":"closed","ping_status":"closed","sticky":false,"template":"","format":"standard","meta":{"give_campaign_id":0,"footnotes":""},"categories":[594651356],"tags":[],"class_list":["post-16818","post","type-post","status-publish","format-standard","hentry","category-actualites"],"yoast_head":"<!-- This site is optimized with the Yoast SEO plugin v27.5 - https:\/\/yoast.com\/product\/yoast-seo-wordpress\/ -->\n<title>3\u00e8me rencontre du r\u00e9seau MINT Suisse - AutreSens<\/title>\n<meta name=\"robots\" content=\"index, follow, max-snippet:-1, max-image-preview:large, max-video-preview:-1\" \/>\n<link rel=\"canonical\" href=\"https:\/\/www.autresens.org\/de\/3eme-rencontre-du-reseau-mint-suisse\/\" \/>\n<meta property=\"og:locale\" content=\"de_DE\" \/>\n<meta property=\"og:type\" content=\"article\" \/>\n<meta property=\"og:title\" content=\"3\u00e8me rencontre du r\u00e9seau MINT Suisse - AutreSens\" \/>\n<meta property=\"og:url\" content=\"https:\/\/www.autresens.org\/de\/3eme-rencontre-du-reseau-mint-suisse\/\" \/>\n<meta property=\"og:site_name\" content=\"AutreSens\" \/>\n<meta property=\"article:published_time\" content=\"2023-11-26T22:35:11+00:00\" \/>\n<meta property=\"article:modified_time\" content=\"2024-02-23T22:47:35+00:00\" \/>\n<meta name=\"author\" content=\"AutreSens\" \/>\n<meta name=\"twitter:card\" content=\"summary_large_image\" \/>\n<meta name=\"twitter:label1\" content=\"Verfasst von\" \/>\n\t<meta name=\"twitter:data1\" content=\"AutreSens\" \/>\n\t<meta name=\"twitter:label2\" content=\"Gesch\u00e4tzte Lesezeit\" \/>\n\t<meta name=\"twitter:data2\" content=\"1\u00a0Minute\" \/>\n<script type=\"application\/ld+json\" class=\"yoast-schema-graph\">{\"@context\":\"https:\\\/\\\/schema.org\",\"@graph\":[{\"@type\":\"Article\",\"@id\":\"https:\\\/\\\/www.autresens.org\\\/3eme-rencontre-du-reseau-mint-suisse\\\/#article\",\"isPartOf\":{\"@id\":\"https:\\\/\\\/www.autresens.org\\\/3eme-rencontre-du-reseau-mint-suisse\\\/\"},\"author\":{\"name\":\"AutreSens\",\"@id\":\"https:\\\/\\\/www.autresens.org\\\/#\\\/schema\\\/person\\\/9ff074191b00365cef54aad344e085a9\"},\"headline\":\"3\u00e8me rencontre du r\u00e9seau MINT Suisse\",\"datePublished\":\"2023-11-26T22:35:11+00:00\",\"dateModified\":\"2024-02-23T22:47:35+00:00\",\"mainEntityOfPage\":{\"@id\":\"https:\\\/\\\/www.autresens.org\\\/3eme-rencontre-du-reseau-mint-suisse\\\/\"},\"wordCount\":757,\"publisher\":{\"@id\":\"https:\\\/\\\/www.autresens.org\\\/#organization\"},\"articleSection\":[\"Actualit\u00e9s\"],\"inLanguage\":\"de\"},{\"@type\":\"WebPage\",\"@id\":\"https:\\\/\\\/www.autresens.org\\\/3eme-rencontre-du-reseau-mint-suisse\\\/\",\"url\":\"https:\\\/\\\/www.autresens.org\\\/3eme-rencontre-du-reseau-mint-suisse\\\/\",\"name\":\"3\u00e8me rencontre du r\u00e9seau MINT Suisse - AutreSens\",\"isPartOf\":{\"@id\":\"https:\\\/\\\/www.autresens.org\\\/#website\"},\"datePublished\":\"2023-11-26T22:35:11+00:00\",\"dateModified\":\"2024-02-23T22:47:35+00:00\",\"breadcrumb\":{\"@id\":\"https:\\\/\\\/www.autresens.org\\\/3eme-rencontre-du-reseau-mint-suisse\\\/#breadcrumb\"},\"inLanguage\":\"de\",\"potentialAction\":[{\"@type\":\"ReadAction\",\"target\":[\"https:\\\/\\\/www.autresens.org\\\/3eme-rencontre-du-reseau-mint-suisse\\\/\"]}]},{\"@type\":\"BreadcrumbList\",\"@id\":\"https:\\\/\\\/www.autresens.org\\\/3eme-rencontre-du-reseau-mint-suisse\\\/#breadcrumb\",\"itemListElement\":[{\"@type\":\"ListItem\",\"position\":1,\"name\":\"Accueil\",\"item\":\"https:\\\/\\\/www.autresens.org\\\/\"},{\"@type\":\"ListItem\",\"position\":2,\"name\":\"3\u00e8me rencontre du r\u00e9seau MINT Suisse\"}]},{\"@type\":\"WebSite\",\"@id\":\"https:\\\/\\\/www.autresens.org\\\/#website\",\"url\":\"https:\\\/\\\/www.autresens.org\\\/\",\"name\":\"AutreSens\",\"description\":\"S&#039;engager d\u00e8s l&#039;\u00e9cole.\",\"publisher\":{\"@id\":\"https:\\\/\\\/www.autresens.org\\\/#organization\"},\"potentialAction\":[{\"@type\":\"SearchAction\",\"target\":{\"@type\":\"EntryPoint\",\"urlTemplate\":\"https:\\\/\\\/www.autresens.org\\\/?s={search_term_string}\"},\"query-input\":{\"@type\":\"PropertyValueSpecification\",\"valueRequired\":true,\"valueName\":\"search_term_string\"}}],\"inLanguage\":\"de\"},{\"@type\":\"Organization\",\"@id\":\"https:\\\/\\\/www.autresens.org\\\/#organization\",\"name\":\"AutreSens\",\"url\":\"https:\\\/\\\/www.autresens.org\\\/\",\"logo\":{\"@type\":\"ImageObject\",\"inLanguage\":\"de\",\"@id\":\"https:\\\/\\\/www.autresens.org\\\/#\\\/schema\\\/logo\\\/image\\\/\",\"url\":\"https:\\\/\\\/i0.wp.com\\\/www.autresens.org\\\/wp-content\\\/uploads\\\/2023\\\/04\\\/AutreSens_Logo_ICONE_bleu.png?fit=645%2C645&ssl=1\",\"contentUrl\":\"https:\\\/\\\/i0.wp.com\\\/www.autresens.org\\\/wp-content\\\/uploads\\\/2023\\\/04\\\/AutreSens_Logo_ICONE_bleu.png?fit=645%2C645&ssl=1\",\"width\":645,\"height\":645,\"caption\":\"AutreSens\"},\"image\":{\"@id\":\"https:\\\/\\\/www.autresens.org\\\/#\\\/schema\\\/logo\\\/image\\\/\"}},{\"@type\":\"Person\",\"@id\":\"https:\\\/\\\/www.autresens.org\\\/#\\\/schema\\\/person\\\/9ff074191b00365cef54aad344e085a9\",\"name\":\"AutreSens\",\"image\":{\"@type\":\"ImageObject\",\"inLanguage\":\"de\",\"@id\":\"https:\\\/\\\/secure.gravatar.com\\\/avatar\\\/ef09fc938441f20140b6611a81ad5182b3ec6f1c077951acbc60f64cf592494f?s=96&d=identicon&r=g\",\"url\":\"https:\\\/\\\/secure.gravatar.com\\\/avatar\\\/ef09fc938441f20140b6611a81ad5182b3ec6f1c077951acbc60f64cf592494f?s=96&d=identicon&r=g\",\"contentUrl\":\"https:\\\/\\\/secure.gravatar.com\\\/avatar\\\/ef09fc938441f20140b6611a81ad5182b3ec6f1c077951acbc60f64cf592494f?s=96&d=identicon&r=g\",\"caption\":\"AutreSens\"},\"description\":\"AutreSens - Administration web.\",\"sameAs\":[\"https:\\\/\\\/www.autresens.org\"],\"url\":\"https:\\\/\\\/www.autresens.org\\\/de\\\/author\\\/autresensadmin\\\/\"}]}<\/script>\n<!-- \/ Yoast SEO plugin. -->","yoast_head_json":{"title":"3\u00e8me rencontre du r\u00e9seau MINT Suisse - AutreSens","robots":{"index":"index","follow":"follow","max-snippet":"max-snippet:-1","max-image-preview":"max-image-preview:large","max-video-preview":"max-video-preview:-1"},"canonical":"https:\/\/www.autresens.org\/de\/3eme-rencontre-du-reseau-mint-suisse\/","og_locale":"de_DE","og_type":"article","og_title":"3\u00e8me rencontre du r\u00e9seau MINT Suisse - AutreSens","og_url":"https:\/\/www.autresens.org\/de\/3eme-rencontre-du-reseau-mint-suisse\/","og_site_name":"AutreSens","article_published_time":"2023-11-26T22:35:11+00:00","article_modified_time":"2024-02-23T22:47:35+00:00","author":"AutreSens","twitter_card":"summary_large_image","twitter_misc":{"Verfasst von":"AutreSens","Gesch\u00e4tzte Lesezeit":"1\u00a0Minute"},"schema":{"@context":"https:\/\/schema.org","@graph":[{"@type":"Article","@id":"https:\/\/www.autresens.org\/3eme-rencontre-du-reseau-mint-suisse\/#article","isPartOf":{"@id":"https:\/\/www.autresens.org\/3eme-rencontre-du-reseau-mint-suisse\/"},"author":{"name":"AutreSens","@id":"https:\/\/www.autresens.org\/#\/schema\/person\/9ff074191b00365cef54aad344e085a9"},"headline":"3\u00e8me rencontre du r\u00e9seau MINT Suisse","datePublished":"2023-11-26T22:35:11+00:00","dateModified":"2024-02-23T22:47:35+00:00","mainEntityOfPage":{"@id":"https:\/\/www.autresens.org\/3eme-rencontre-du-reseau-mint-suisse\/"},"wordCount":757,"publisher":{"@id":"https:\/\/www.autresens.org\/#organization"},"articleSection":["Actualit\u00e9s"],"inLanguage":"de"},{"@type":"WebPage","@id":"https:\/\/www.autresens.org\/3eme-rencontre-du-reseau-mint-suisse\/","url":"https:\/\/www.autresens.org\/3eme-rencontre-du-reseau-mint-suisse\/","name":"3\u00e8me rencontre du r\u00e9seau MINT Suisse - AutreSens","isPartOf":{"@id":"https:\/\/www.autresens.org\/#website"},"datePublished":"2023-11-26T22:35:11+00:00","dateModified":"2024-02-23T22:47:35+00:00","breadcrumb":{"@id":"https:\/\/www.autresens.org\/3eme-rencontre-du-reseau-mint-suisse\/#breadcrumb"},"inLanguage":"de","potentialAction":[{"@type":"ReadAction","target":["https:\/\/www.autresens.org\/3eme-rencontre-du-reseau-mint-suisse\/"]}]},{"@type":"BreadcrumbList","@id":"https:\/\/www.autresens.org\/3eme-rencontre-du-reseau-mint-suisse\/#breadcrumb","itemListElement":[{"@type":"ListItem","position":1,"name":"Accueil","item":"https:\/\/www.autresens.org\/"},{"@type":"ListItem","position":2,"name":"3\u00e8me rencontre du r\u00e9seau MINT Suisse"}]},{"@type":"WebSite","@id":"https:\/\/www.autresens.org\/#website","url":"https:\/\/www.autresens.org\/","name":"AndererSinn","description":"S&#039;schon in der Schule engagieren.","publisher":{"@id":"https:\/\/www.autresens.org\/#organization"},"potentialAction":[{"@type":"SearchAction","target":{"@type":"EntryPoint","urlTemplate":"https:\/\/www.autresens.org\/?s={search_term_string}"},"query-input":{"@type":"PropertyValueSpecification","valueRequired":true,"valueName":"search_term_string"}}],"inLanguage":"de"},{"@type":"Organization","@id":"https:\/\/www.autresens.org\/#organization","name":"AndererSinn","url":"https:\/\/www.autresens.org\/","logo":{"@type":"ImageObject","inLanguage":"de","@id":"https:\/\/www.autresens.org\/#\/schema\/logo\/image\/","url":"https:\/\/i0.wp.com\/www.autresens.org\/wp-content\/uploads\/2023\/04\/AutreSens_Logo_ICONE_bleu.png?fit=645%2C645&ssl=1","contentUrl":"https:\/\/i0.wp.com\/www.autresens.org\/wp-content\/uploads\/2023\/04\/AutreSens_Logo_ICONE_bleu.png?fit=645%2C645&ssl=1","width":645,"height":645,"caption":"AutreSens"},"image":{"@id":"https:\/\/www.autresens.org\/#\/schema\/logo\/image\/"}},{"@type":"Person","@id":"https:\/\/www.autresens.org\/#\/schema\/person\/9ff074191b00365cef54aad344e085a9","name":"AndererSinn","image":{"@type":"ImageObject","inLanguage":"de","@id":"https:\/\/secure.gravatar.com\/avatar\/ef09fc938441f20140b6611a81ad5182b3ec6f1c077951acbc60f64cf592494f?s=96&d=identicon&r=g","url":"https:\/\/secure.gravatar.com\/avatar\/ef09fc938441f20140b6611a81ad5182b3ec6f1c077951acbc60f64cf592494f?s=96&d=identicon&r=g","contentUrl":"https:\/\/secure.gravatar.com\/avatar\/ef09fc938441f20140b6611a81ad5182b3ec6f1c077951acbc60f64cf592494f?s=96&d=identicon&r=g","caption":"AutreSens"},"description":"AutreSens - Webadministration.","sameAs":["https:\/\/www.autresens.org"],"url":"https:\/\/www.autresens.org\/de\/author\/autresensadmin\/"}]}},"_links":{"self":[{"href":"https:\/\/www.autresens.org\/de\/wp-json\/wp\/v2\/posts\/16818","targetHints":{"allow":["GET"]}}],"collection":[{"href":"https:\/\/www.autresens.org\/de\/wp-json\/wp\/v2\/posts"}],"about":[{"href":"https:\/\/www.autresens.org\/de\/wp-json\/wp\/v2\/types\/post"}],"author":[{"embeddable":true,"href":"https:\/\/www.autresens.org\/de\/wp-json\/wp\/v2\/users\/1"}],"replies":[{"embeddable":true,"href":"https:\/\/www.autresens.org\/de\/wp-json\/wp\/v2\/comments?post=16818"}],"version-history":[{"count":5,"href":"https:\/\/www.autresens.org\/de\/wp-json\/wp\/v2\/posts\/16818\/revisions"}],"predecessor-version":[{"id":16823,"href":"https:\/\/www.autresens.org\/de\/wp-json\/wp\/v2\/posts\/16818\/revisions\/16823"}],"wp:attachment":[{"href":"https:\/\/www.autresens.org\/de\/wp-json\/wp\/v2\/media?parent=16818"}],"wp:term":[{"taxonomy":"category","embeddable":true,"href":"https:\/\/www.autresens.org\/de\/wp-json\/wp\/v2\/categories?post=16818"},{"taxonomy":"post_tag","embeddable":true,"href":"https:\/\/www.autresens.org\/de\/wp-json\/wp\/v2\/tags?post=16818"}],"curies":[{"name":"wp","href":"https:\/\/api.w.org\/{rel}","templated":true}]}}